{"id":4815,"date":"2021-08-06T07:48:26","date_gmt":"2021-08-06T05:48:26","guid":{"rendered":"http:\/\/www.auroratrezzo.it\/wordpress\/?p=4815"},"modified":"2021-08-06T07:53:08","modified_gmt":"2021-08-06T05:53:08","slug":"comunicato-importante-pre-iscrizioni-2021-2022","status":"publish","type":"post","link":"http:\/\/www.auroratrezzo.it\/wordpress\/comunicato-importante-pre-iscrizioni-2021-2022\/","title":{"rendered":"Comunicato importante pre-iscrizioni 2021\/2022."},"content":{"rendered":"\n<p><\/p>\n\n\n\n<p><br>Visto che la FIP ha spostato la data delle affiliazioni atleti, anche noi abbiamo ritenuto opportuno spostare al 25 AGOSTO il termine per le <a href=\"https:\/\/www.auroratrezzo.it\/wordpress\/?p=4790\">PRE-ISCRIZIONI.<\/a><br><\/p>\n\n\n\n<!--more-->\n\n\n\n<p>Ricordiamo che la pre-iscrizione \u00e8 ritenuta valida solo se accompagnata dal versamento di 50 euro.<br>Chi ha gi\u00e0 fatto la pre-iscrizione \u00e8 pregato di controllare. Grazie<\/p>\n\n\n\n<p class=\"has-text-align-center\"><a href=\"https:\/\/www.auroratrezzo.it\/wordpress\/?p=4790\">PRE-ISCRIZIONI.<\/a><\/p>\n\n\n\n<figure class=\"wp-block-image size-large\"><img loading=\"lazy\" decoding=\"async\" width=\"1024\" height=\"507\" src=\"https:\/\/www.auroratrezzo.it\/wordpress\/wp-content\/uploads\/2021\/08\/image-1024x507.png\" alt=\"\" class=\"wp-image-4816\" srcset=\"http:\/\/www.auroratrezzo.it\/wordpress\/wp-content\/uploads\/2021\/08\/image-1024x507.png 1024w, http:\/\/www.auroratrezzo.it\/wordpress\/wp-content\/uploads\/2021\/08\/image-300x148.png 300w, http:\/\/www.auroratrezzo.it\/wordpress\/wp-content\/uploads\/2021\/08\/image-100x49.png 100w, http:\/\/www.auroratrezzo.it\/wordpress\/wp-content\/uploads\/2021\/08\/image-768x380.png 768w, http:\/\/www.auroratrezzo.it\/wordpress\/wp-content\/uploads\/2021\/08\/image.png 1366w\" sizes=\"auto, (max-width: 1024px) 100vw, 1024px\" \/><\/figure>\n","protected":false},"excerpt":{"rendered":"<p>Visto che la FIP ha spostato la data delle affiliazioni atleti, anche noi abbiamo ritenuto opportuno spostare al 25 AGOSTO il termine per le PRE-ISCRIZIONI.<\/p>\n","protected":false},"author":1,"featured_media":0,"comment_status":"closed","ping_status":"open","sticky":false,"template":"","format":"standard","meta":{"_exactmetrics_skip_tracking":false,"_exactmetrics_sitenote_active":false,"_exactmetrics_sitenote_note":"","_exactmetrics_sitenote_category":0,"footnotes":""},"categories":[34],"tags":[],"class_list":["post-4815","post","type-post","status-publish","format-standard","hentry","category-in-prima-pagina"],"_links":{"self":[{"href":"http:\/\/www.auroratrezzo.it\/wordpress\/wp-json\/wp\/v2\/posts\/4815","targetHints":{"allow":["GET"]}}],"collection":[{"href":"http:\/\/www.auroratrezzo.it\/wordpress\/wp-json\/wp\/v2\/posts"}],"about":[{"href":"http:\/\/www.auroratrezzo.it\/wordpress\/wp-json\/wp\/v2\/types\/post"}],"author":[{"embeddable":true,"href":"http:\/\/www.auroratrezzo.it\/wordpress\/wp-json\/wp\/v2\/users\/1"}],"replies":[{"embeddable":true,"href":"http:\/\/www.auroratrezzo.it\/wordpress\/wp-json\/wp\/v2\/comments?post=4815"}],"version-history":[{"count":2,"href":"http:\/\/www.auroratrezzo.it\/wordpress\/wp-json\/wp\/v2\/posts\/4815\/revisions"}],"predecessor-version":[{"id":4822,"href":"http:\/\/www.auroratrezzo.it\/wordpress\/wp-json\/wp\/v2\/posts\/4815\/revisions\/4822"}],"wp:attachment":[{"href":"http:\/\/www.auroratrezzo.it\/wordpress\/wp-json\/wp\/v2\/media?parent=4815"}],"wp:term":[{"taxonomy":"category","embeddable":true,"href":"http:\/\/www.auroratrezzo.it\/wordpress\/wp-json\/wp\/v2\/categories?post=4815"},{"taxonomy":"post_tag","embeddable":true,"href":"http:\/\/www.auroratrezzo.it\/wordpress\/wp-json\/wp\/v2\/tags?post=4815"}],"curies":[{"name":"wp","href":"https:\/\/api.w.org\/{rel}","templated":true}]}}